{"id":8949,"date":"2020-05-22T06:42:14","date_gmt":"2020-05-22T04:42:14","guid":{"rendered":"https:\/\/salesianosvitoriagasteiz.com\/proyecto-aurrera\/?p=8949"},"modified":"2020-05-22T06:43:35","modified_gmt":"2020-05-22T04:43:35","slug":"un-semaforo-para-el-autcontrol-momentos-de-tension","status":"publish","type":"post","link":"https:\/\/salesianosvitoriagasteiz.com\/proyecto-aurrera\/blog\/2020\/05\/22\/un-semaforo-para-el-autcontrol-momentos-de-tension\/","title":{"rendered":"Un sem\u00e1foro para el autocontrol en momentos de tensi\u00f3n"},"content":{"rendered":"<div id=\"fb-root\"><\/div>\n<p><img decoding=\"async\" class=\"wp-image-8929 alignleft lazyload\" data-src=\"https:\/\/salesianosvitoriagasteiz.com\/proyecto-aurrera\/wp-content\/uploads\/sites\/7\/2020\/05\/descarga-1-300x152.jpg\" alt=\"\" width=\"420\" height=\"213\" data-srcset=\"https:\/\/salesianosvitoriagasteiz.com\/proyecto-aurrera\/wp-content\/uploads\/sites\/7\/2020\/05\/descarga-1-300x152.jpg 300w, https:\/\/salesianosvitoriagasteiz.com\/proyecto-aurrera\/wp-content\/uploads\/sites\/7\/2020\/05\/descarga-1.jpg 315w\" data-sizes=\"(max-width: 420px) 100vw, 420px\" src=\"data:image\/svg+xml;base64,PHN2ZyB3aWR0aD0iMSIgaGVpZ2h0PSIxIiB4bWxucz0iaHR0cDovL3d3dy53My5vcmcvMjAwMC9zdmciPjwvc3ZnPg==\" style=\"--smush-placeholder-width: 420px; --smush-placeholder-aspect-ratio: 420\/213;\" \/>En estos momentos que estamos pasando mucho tiempo en casa, os animamos a que <strong>hagamos m\u00e1s caso a nuestro cuerpo y sentimientos<\/strong> y, sobre todo, tomar conciencia de c\u00f3mo respondemos ante los conflictos que puedan surgir. Aqu\u00ed os dejamos <strong>un recurso para controlar los impulsos y encontrar estrategias en esos momentos en que la tensi\u00f3n es dif\u00edcil de controlar<\/strong>. Esperamos que os sirva y acordaos\u2026\u2026 <strong>\u00a1Para! \u00a1Piensa! \u00a1Act\u00faa!<\/strong><\/p>\n<p>El juego del sem\u00e1foro es una din\u00e1mica educativa empleada con frecuencia para entrenar estrategias de autocontrol de la conducta. Es un juego que podemos usar con todos los ni\u00f1os y ni\u00f1as, pero que ser\u00e1 especialmente<strong> \u00fatil para aquellos ni\u00f1os y ni\u00f1as que tengan dificultades para controlar sus impulsos<\/strong>.<\/p>\n<p>El juego del sem\u00e1foro, consiste en seguir las <strong>luces que indican cu\u00e1ndo tenemos que parar, cu\u00e1ndo tenemos que pensar y cu\u00e1ndo podemos actuar<\/strong>. De este modo los ni\u00f1os y ni\u00f1as podr\u00e1n desarrollar estrategias destinadas a este fin. Es una din\u00e1mica divertida, con la que los ni\u00f1os y ni\u00f1as se entretienen y llegan a desarrollar <strong>recursos que les permiten regular su conducta<\/strong>.<\/p>\n<p>&nbsp;<\/p>\n<p>&nbsp;<\/p>\n<!-- AddThis Advanced Settings generic via filter on the_content --><!-- AddThis Share Buttons generic via filter on the_content -->","protected":false},"excerpt":{"rendered":"<p>Compartimos hoy un recurso para controlar los impulsos y encontrar estrategias en esos momentos en que la tensi\u00f3n es dif\u00edcil de controlar: el juego del sem\u00e1foro, que consiste en seguir las luces que indican cu\u00e1ndo tenemos que parar, cuando tenemos que pensar y cu\u00e1ndo podemos actuar.<br \/>\n#seguimoscontigo<!-- AddThis Advanced Settings generic via filter on get_the_excerpt --><!-- AddThis Share Buttons generic via filter on get_the_excerpt --><\/p>\n","protected":false},"author":6,"featured_media":8929,"comment_status":"open","ping_status":"open","sticky":false,"template":"","format":"standard","meta":{"_et_pb_use_builder":"","_et_pb_old_content":"","_et_gb_content_width":"","footnotes":""},"categories":[19],"tags":[],"class_list":["post-8949","post","type-post","status-publish","format-standard","has-post-thumbnail","hentry","category-actividades"],"_links":{"self":[{"href":"https:\/\/salesianosvitoriagasteiz.com\/proyecto-aurrera\/wp-json\/wp\/v2\/posts\/8949","targetHints":{"allow":["GET"]}}],"collection":[{"href":"https:\/\/salesianosvitoriagasteiz.com\/proyecto-aurrera\/wp-json\/wp\/v2\/posts"}],"about":[{"href":"https:\/\/salesianosvitoriagasteiz.com\/proyecto-aurrera\/wp-json\/wp\/v2\/types\/post"}],"author":[{"embeddable":true,"href":"https:\/\/salesianosvitoriagasteiz.com\/proyecto-aurrera\/wp-json\/wp\/v2\/users\/6"}],"replies":[{"embeddable":true,"href":"https:\/\/salesianosvitoriagasteiz.com\/proyecto-aurrera\/wp-json\/wp\/v2\/comments?post=8949"}],"version-history":[{"count":4,"href":"https:\/\/salesianosvitoriagasteiz.com\/proyecto-aurrera\/wp-json\/wp\/v2\/posts\/8949\/revisions"}],"predecessor-version":[{"id":8953,"href":"https:\/\/salesianosvitoriagasteiz.com\/proyecto-aurrera\/wp-json\/wp\/v2\/posts\/8949\/revisions\/8953"}],"wp:featuredmedia":[{"embeddable":true,"href":"https:\/\/salesianosvitoriagasteiz.com\/proyecto-aurrera\/wp-json\/wp\/v2\/media\/8929"}],"wp:attachment":[{"href":"https:\/\/salesianosvitoriagasteiz.com\/proyecto-aurrera\/wp-json\/wp\/v2\/media?parent=8949"}],"wp:term":[{"taxonomy":"category","embeddable":true,"href":"https:\/\/salesianosvitoriagasteiz.com\/proyecto-aurrera\/wp-json\/wp\/v2\/categories?post=8949"},{"taxonomy":"post_tag","embeddable":true,"href":"https:\/\/salesianosvitoriagasteiz.com\/proyecto-aurrera\/wp-json\/wp\/v2\/tags?post=8949"}],"curies":[{"name":"wp","href":"https:\/\/api.w.org\/{rel}","templated":true}]}}