{"id":8937,"date":"2020-05-20T18:10:37","date_gmt":"2020-05-20T16:10:37","guid":{"rendered":"https:\/\/salesianosvitoriagasteiz.com\/proyecto-aurrera\/?p=8937"},"modified":"2020-05-20T18:10:37","modified_gmt":"2020-05-20T16:10:37","slug":"la-caja-de-las-sonrisas-y-de-las-mil-sorpresas","status":"publish","type":"post","link":"https:\/\/salesianosvitoriagasteiz.com\/proyecto-aurrera\/blog\/2020\/05\/20\/la-caja-de-las-sonrisas-y-de-las-mil-sorpresas\/","title":{"rendered":"La caja de las sonrisas y de las mil sorpresas"},"content":{"rendered":"<div id=\"fb-root\"><\/div>\n<p>\u00bfQu\u00e9 tal si realizamos una <strong>caja para meter nuestras sonrisas<\/strong> y poder recogerlas y utilizarlas cuando m\u00e1s lo necesitamos?<\/p>\n<p><img decoding=\"async\" class=\"size-medium wp-image-8928 aligncenter lazyload\" data-src=\"https:\/\/salesianosvitoriagasteiz.com\/proyecto-aurrera\/wp-content\/uploads\/sites\/7\/2020\/05\/Actividades-Edicacio\u0301n-emocional-8-300x227.jpg\" alt=\"\" width=\"300\" height=\"227\" data-srcset=\"https:\/\/salesianosvitoriagasteiz.com\/proyecto-aurrera\/wp-content\/uploads\/sites\/7\/2020\/05\/Actividades-Edicacio\u0301n-emocional-8-300x227.jpg 300w, https:\/\/salesianosvitoriagasteiz.com\/proyecto-aurrera\/wp-content\/uploads\/sites\/7\/2020\/05\/Actividades-Edicacio\u0301n-emocional-8.jpg 400w\" data-sizes=\"(max-width: 300px) 100vw, 300px\" src=\"data:image\/svg+xml;base64,PHN2ZyB3aWR0aD0iMSIgaGVpZ2h0PSIxIiB4bWxucz0iaHR0cDovL3d3dy53My5vcmcvMjAwMC9zdmciPjwvc3ZnPg==\" style=\"--smush-placeholder-width: 300px; --smush-placeholder-aspect-ratio: 300\/227;\" \/><\/p>\n<p><strong>Construimos una caja de cart\u00f3n y la decoramos<\/strong>. La ponemos en una parte de la casa y explicamos que <strong>es una caja para coger sonrisas cuando nos sentimos tristes<\/strong>. Dentro se pueden poner adivinanzas, acertijos, sonrisas y una explicaci\u00f3n de c\u00f3mo nos sentimos con cada emoci\u00f3n.<\/p>\n<p>\u00bfOs anim\u00e1is a probarlo? Y si est\u00e1is animados y animadas\u2026\u2026 tambi\u00e9n <strong>pod\u00e9is pintar unas piedras con las diferentes emociones que tenemos<\/strong>. \u00bfOs anim\u00e1is al reto?<\/p>\n<p><img decoding=\"async\" class=\"size-medium wp-image-8930 aligncenter lazyload\" data-src=\"https:\/\/salesianosvitoriagasteiz.com\/proyecto-aurrera\/wp-content\/uploads\/sites\/7\/2020\/05\/dessin-cailloux-stone-diy-300x279.jpg\" alt=\"\" width=\"300\" height=\"279\" src=\"data:image\/svg+xml;base64,PHN2ZyB3aWR0aD0iMSIgaGVpZ2h0PSIxIiB4bWxucz0iaHR0cDovL3d3dy53My5vcmcvMjAwMC9zdmciPjwvc3ZnPg==\" style=\"--smush-placeholder-width: 300px; --smush-placeholder-aspect-ratio: 300\/279;\" \/><\/p>\n<p>&nbsp;<\/p>\n<!-- AddThis Advanced Settings generic via filter on the_content --><!-- AddThis Share Buttons generic via filter on the_content -->","protected":false},"excerpt":{"rendered":"<p>Un taller divertido para toda la familia. Una caja llena de sonrisas y cositas para alegrarnos el d\u00eda.<br \/>\n#seguimoscontigo<!-- AddThis Advanced Settings generic via filter on get_the_excerpt --><!-- AddThis Share Buttons generic via filter on get_the_excerpt --><\/p>\n","protected":false},"author":6,"featured_media":8928,"comment_status":"open","ping_status":"open","sticky":false,"template":"","format":"standard","meta":{"_et_pb_use_builder":"","_et_pb_old_content":"","_et_gb_content_width":"","footnotes":""},"categories":[19],"tags":[],"class_list":["post-8937","post","type-post","status-publish","format-standard","has-post-thumbnail","hentry","category-actividades"],"_links":{"self":[{"href":"https:\/\/salesianosvitoriagasteiz.com\/proyecto-aurrera\/wp-json\/wp\/v2\/posts\/8937","targetHints":{"allow":["GET"]}}],"collection":[{"href":"https:\/\/salesianosvitoriagasteiz.com\/proyecto-aurrera\/wp-json\/wp\/v2\/posts"}],"about":[{"href":"https:\/\/salesianosvitoriagasteiz.com\/proyecto-aurrera\/wp-json\/wp\/v2\/types\/post"}],"author":[{"embeddable":true,"href":"https:\/\/salesianosvitoriagasteiz.com\/proyecto-aurrera\/wp-json\/wp\/v2\/users\/6"}],"replies":[{"embeddable":true,"href":"https:\/\/salesianosvitoriagasteiz.com\/proyecto-aurrera\/wp-json\/wp\/v2\/comments?post=8937"}],"version-history":[{"count":1,"href":"https:\/\/salesianosvitoriagasteiz.com\/proyecto-aurrera\/wp-json\/wp\/v2\/posts\/8937\/revisions"}],"predecessor-version":[{"id":8938,"href":"https:\/\/salesianosvitoriagasteiz.com\/proyecto-aurrera\/wp-json\/wp\/v2\/posts\/8937\/revisions\/8938"}],"wp:featuredmedia":[{"embeddable":true,"href":"https:\/\/salesianosvitoriagasteiz.com\/proyecto-aurrera\/wp-json\/wp\/v2\/media\/8928"}],"wp:attachment":[{"href":"https:\/\/salesianosvitoriagasteiz.com\/proyecto-aurrera\/wp-json\/wp\/v2\/media?parent=8937"}],"wp:term":[{"taxonomy":"category","embeddable":true,"href":"https:\/\/salesianosvitoriagasteiz.com\/proyecto-aurrera\/wp-json\/wp\/v2\/categories?post=8937"},{"taxonomy":"post_tag","embeddable":true,"href":"https:\/\/salesianosvitoriagasteiz.com\/proyecto-aurrera\/wp-json\/wp\/v2\/tags?post=8937"}],"curies":[{"name":"wp","href":"https:\/\/api.w.org\/{rel}","templated":true}]}}