{"id":8917,"date":"2020-05-14T23:43:14","date_gmt":"2020-05-14T21:43:14","guid":{"rendered":"https:\/\/salesianosvitoriagasteiz.com\/proyecto-aurrera\/?p=8917"},"modified":"2020-05-14T23:43:14","modified_gmt":"2020-05-14T21:43:14","slug":"miedo-a-salir-de-casa-sal-de-tu-cabana","status":"publish","type":"post","link":"https:\/\/salesianosvitoriagasteiz.com\/proyecto-aurrera\/blog\/2020\/05\/14\/miedo-a-salir-de-casa-sal-de-tu-cabana\/","title":{"rendered":"\u00bfMiedo a salir de casa? \u00a1Sal de tu caba\u00f1a!"},"content":{"rendered":"<div id=\"fb-root\"><\/div>\n<h2><strong>\u00bfQu\u00e9 es el s\u00edndrome de la caba\u00f1a?<\/strong><\/h2>\n<p><img decoding=\"async\" class=\"size-medium wp-image-8913 alignleft lazyload\" data-src=\"https:\/\/salesianosvitoriagasteiz.com\/proyecto-aurrera\/wp-content\/uploads\/sites\/7\/2020\/05\/encerrados-2-300x200.jpg\" alt=\"\" width=\"300\" height=\"200\" src=\"data:image\/svg+xml;base64,PHN2ZyB3aWR0aD0iMSIgaGVpZ2h0PSIxIiB4bWxucz0iaHR0cDovL3d3dy53My5vcmcvMjAwMC9zdmciPjwvc3ZnPg==\" style=\"--smush-placeholder-width: 300px; --smush-placeholder-aspect-ratio: 300\/200;\" \/>El s\u00edndrome de la caba\u00f1a es un estado que, sin llegar a ser una<strong>\u00a0claustrofobia<\/strong>, se relaciona con percibir el lugar donde estamos pasando la cuarentena como una caba\u00f1a, es decir, sentimos el\u00a0<strong>espacio peque\u00f1o y agobiante pero seguro<\/strong>.\u00a0Este s\u00edndrome comenz\u00f3 a describirse aproximadamente en 1.900, cuando los cazadores y buscadores de oro de Estados Unidos pasaban meses en sus caba\u00f1as para trabajar. El aislamiento les produc\u00eda\u00a0<strong>desconfianza<\/strong>\u00a0y, a su vez, una<strong>\u00a0negativa a volver a la civilizaci\u00f3n<\/strong>.<\/p>\n<p>&nbsp;<\/p>\n<h2><strong>\u00bfA qui\u00e9nes afecta?<\/strong><\/h2>\n<p>Principalmente a ancianos y personas con perfiles de personalidad m\u00e1s\u00a0<strong>hipocondriaca<\/strong>\u00a0o\u00a0<strong>ansiosa<\/strong>.<\/p>\n<h2><strong>\u00bfCu\u00e1les son sus s\u00edntomas?<\/strong><\/h2>\n<p>Algunos de los m\u00e1s comunes son:<\/p>\n<blockquote><p><strong>Letargia:<\/strong>\u00a0sentirse cansado, con dificultad para levantarse del sof\u00e1 o la cama.<\/p>\n<p><strong>Dificultades de atenci\u00f3n:<\/strong>\u00a0problemas de concentraci\u00f3n y, por lo tanto, ciertos despistes o d\u00e9ficits de memoria.<\/p>\n<p><strong>Apat\u00eda<\/strong>\u00a0o falta de motivaci\u00f3n.<\/p>\n<p><a href=\"https:\/\/saposyprincesas.elmundo.es\/consejos\/psicologia-infantil\/ansiedad-durante-la-cuarentena\/\"><strong>Ansiedad<\/strong><\/a>.<\/p>\n<p>Emociones y sentimientos desagradables, como\u00a0<strong>angustia, miedo, inseguridad, tristeza o frustraci\u00f3n.<\/strong><\/p>\n<p><strong>Miedo al exterior<\/strong>, es decir, a salir del espacio donde se ha estado durante un tiempo aislado.<\/p><\/blockquote>\n<h3><img decoding=\"async\" class=\"size-medium wp-image-8915 aligncenter lazyload\" data-src=\"https:\/\/salesianosvitoriagasteiz.com\/proyecto-aurrera\/wp-content\/uploads\/sites\/7\/2020\/05\/encerrados-en-casa-ansiedad-por-el-encierro-dia-14-300x200.jpg\" alt=\"\" width=\"300\" height=\"200\" src=\"data:image\/svg+xml;base64,PHN2ZyB3aWR0aD0iMSIgaGVpZ2h0PSIxIiB4bWxucz0iaHR0cDovL3d3dy53My5vcmcvMjAwMC9zdmciPjwvc3ZnPg==\" style=\"--smush-placeholder-width: 300px; --smush-placeholder-aspect-ratio: 300\/200;\" \/><\/h3>\n<h3><strong>Si lo padecemos, \u00bfqu\u00e9 podemos hacer?<\/strong><\/h3>\n<p>Se puede<strong><a href=\"https:\/\/saposyprincesas.elmundo.es\/especiales\/consejos-ideas-familias-cuarentena-quedateencasa\/\">\u00a0trabajar de forma aut\u00f3noma\u00a0<\/a><\/strong>pero, si el miedo persiste, es importante acudir a un\u00a0<strong>profesional de la salud mental<\/strong>, como un psiquiatra o psic\u00f3logo. De todos modos, estos son algunos consejos a llevar a cabo:<\/p>\n<blockquote><p><strong>Darnos tiempo.<\/strong>\u00a0Hemos salido de nuestra zona de confort, estamos ante una pandemia y por lo tanto, es comprensible tener un abanico de emociones y sentimientos contradictorios. Darnos tiempo para aceptar y gestionar la nueva situaci\u00f3n.<\/p>\n<p><strong>Cuidar el di\u00e1logo interno<\/strong>. Evitar alimentar los miedos y las inseguridades. Es importante cuidar lo que nos decimos a nosotros mismos ante la situaci\u00f3n vivida: si solo vemos el miedo y entramos en p\u00e1nico, o si nos trasladamos mensajes de comprensi\u00f3n y \u00e1nimo.<\/p>\n<p><strong>Establecer rutinas y objetivos.<\/strong>\u00a0Marcar nuevas rutinas y objetivos muy a corto plazo.\u00a0<a href=\"https:\/\/saposyprincesas.elmundo.es\/consejos\/salud-infantil\/sesiones-de-ejercicio-gooder\/\" rel=\"\">Evitar pasar exorbitante tiempo en la cama o en el sof\u00e1.<\/a><\/p>\n<p><strong>No reprimir las emociones.<\/strong><\/p>\n<p><strong>Exponernos progresivamente.<\/strong>\u00a0Salir de forma paulatina para enfrentarse al miedo y a la inseguridad que produce la exposici\u00f3n con el exterior.<\/p><\/blockquote>\n<p>Desde el comienzo de la pandemia, cada uno ha pasado por diferentes fases, siendo la palabra\u00a0<strong>\u201cadaptaci\u00f3n\u201d<\/strong>\u00a0la que prevalece.<\/p>\n<div id=\"mright2\"><img decoding=\"async\" class=\"size-medium wp-image-8916 aligncenter lazyload\" data-src=\"https:\/\/salesianosvitoriagasteiz.com\/proyecto-aurrera\/wp-content\/uploads\/sites\/7\/2020\/05\/encerrados-300x225.jpg\" alt=\"\" width=\"300\" height=\"225\" src=\"data:image\/svg+xml;base64,PHN2ZyB3aWR0aD0iMSIgaGVpZ2h0PSIxIiB4bWxucz0iaHR0cDovL3d3dy53My5vcmcvMjAwMC9zdmciPjwvc3ZnPg==\" style=\"--smush-placeholder-width: 300px; --smush-placeholder-aspect-ratio: 300\/225;\" \/><\/div>\n<p><strong>El ser humano es capaz de adaptarse<\/strong>, presentar<a href=\"https:\/\/saposyprincesas.elmundo.es\/consejos\/psicologia-infantil\/consejos-ayudar-hijo-ser-resiliente\/\"><strong>\u00a0resiliencia<\/strong>\u00a0<\/a>y afrontar los problemas, por ello, cada uno de nosotros debemos confiar en nuestra capacidad, buscar recursos y superar del mejor modo esta situaci\u00f3n. Es un trabajo personal y muy enriquecedor. Como dijo J.R.R. Tolkien:\u00a0<strong>\u201csolo atravesando la noche se llega a la ma\u00f1ana\u201d.<\/strong><\/p>\n<p><strong>Natalia Mart\u00edn<\/strong><br \/>\n<em>PhD\u00a0en psiquiatr\u00eda y neuropsic\u00f3loga<\/em><\/p>\n<!-- AddThis Advanced Settings generic via filter on the_content --><!-- AddThis Share Buttons generic via filter on the_content -->","protected":false},"excerpt":{"rendered":"<p>El s\u00edndrome de la caba\u00f1a es el fen\u00f3meno que muchas personas est\u00e1n sufriendo estos d\u00edas ante el desconfinamiento. Ten\u00edamos ganas de salir&#8230;. \u00bfpor qu\u00e9 entonces ahora no queremos salir? Estos consejos pueden ayudarnos a comprender y actuar si nos est\u00e1 ocurriendo algo parecido.<br \/>\n#seguimoscontigo<br \/>\n#yotecuido<!-- AddThis Advanced Settings generic via filter on get_the_excerpt --><!-- AddThis Share Buttons generic via filter on get_the_excerpt --><\/p>\n","protected":false},"author":6,"featured_media":8914,"comment_status":"open","ping_status":"open","sticky":false,"template":"","format":"standard","meta":{"_et_pb_use_builder":"","_et_pb_old_content":"","_et_gb_content_width":"","footnotes":""},"categories":[14,15,12,20],"tags":[],"class_list":["post-8917","post","type-post","status-publish","format-standard","has-post-thumbnail","hentry","category-club","category-clubdeamigossansomendi","category-club-de-amigos-sansomendi","category-consejos"],"_links":{"self":[{"href":"https:\/\/salesianosvitoriagasteiz.com\/proyecto-aurrera\/wp-json\/wp\/v2\/posts\/8917","targetHints":{"allow":["GET"]}}],"collection":[{"href":"https:\/\/salesianosvitoriagasteiz.com\/proyecto-aurrera\/wp-json\/wp\/v2\/posts"}],"about":[{"href":"https:\/\/salesianosvitoriagasteiz.com\/proyecto-aurrera\/wp-json\/wp\/v2\/types\/post"}],"author":[{"embeddable":true,"href":"https:\/\/salesianosvitoriagasteiz.com\/proyecto-aurrera\/wp-json\/wp\/v2\/users\/6"}],"replies":[{"embeddable":true,"href":"https:\/\/salesianosvitoriagasteiz.com\/proyecto-aurrera\/wp-json\/wp\/v2\/comments?post=8917"}],"version-history":[{"count":1,"href":"https:\/\/salesianosvitoriagasteiz.com\/proyecto-aurrera\/wp-json\/wp\/v2\/posts\/8917\/revisions"}],"predecessor-version":[{"id":8918,"href":"https:\/\/salesianosvitoriagasteiz.com\/proyecto-aurrera\/wp-json\/wp\/v2\/posts\/8917\/revisions\/8918"}],"wp:featuredmedia":[{"embeddable":true,"href":"https:\/\/salesianosvitoriagasteiz.com\/proyecto-aurrera\/wp-json\/wp\/v2\/media\/8914"}],"wp:attachment":[{"href":"https:\/\/salesianosvitoriagasteiz.com\/proyecto-aurrera\/wp-json\/wp\/v2\/media?parent=8917"}],"wp:term":[{"taxonomy":"category","embeddable":true,"href":"https:\/\/salesianosvitoriagasteiz.com\/proyecto-aurrera\/wp-json\/wp\/v2\/categories?post=8917"},{"taxonomy":"post_tag","embeddable":true,"href":"https:\/\/salesianosvitoriagasteiz.com\/proyecto-aurrera\/wp-json\/wp\/v2\/tags?post=8917"}],"curies":[{"name":"wp","href":"https:\/\/api.w.org\/{rel}","templated":true}]}}