{"id":8895,"date":"2020-05-13T10:43:24","date_gmt":"2020-05-13T08:43:24","guid":{"rendered":"https:\/\/salesianosvitoriagasteiz.com\/proyecto-aurrera\/?p=8895"},"modified":"2020-05-13T10:44:00","modified_gmt":"2020-05-13T08:44:00","slug":"8895","status":"publish","type":"post","link":"https:\/\/salesianosvitoriagasteiz.com\/proyecto-aurrera\/blog\/2020\/05\/13\/8895\/","title":{"rendered":"Un cuento con muchas emociones"},"content":{"rendered":"<div id=\"fb-root\"><\/div>\n<h3>Martes, 12 de mayo<\/h3>\n<p><img decoding=\"async\" class=\"size-full wp-image-8884 alignleft lazyload\" data-src=\"https:\/\/salesianosvitoriagasteiz.com\/proyecto-aurrera\/wp-content\/uploads\/sites\/7\/2020\/05\/12.05.2020.jpg\" alt=\"\" width=\"246\" height=\"205\" src=\"data:image\/svg+xml;base64,PHN2ZyB3aWR0aD0iMSIgaGVpZ2h0PSIxIiB4bWxucz0iaHR0cDovL3d3dy53My5vcmcvMjAwMC9zdmciPjwvc3ZnPg==\" style=\"--smush-placeholder-width: 246px; --smush-placeholder-aspect-ratio: 246\/205;\" \/>\u00a1Hola hola otra vez equipo! \u00a1Esperamos que sig\u00e1is con esa energ\u00eda que ten\u00e9is siempre y que est\u00e9is aprovechando esos paseos para tomar aire y despejarnos un poco!<\/p>\n<p>Aqu\u00ed <strong>os dejamos un cuento<\/strong> que nos ayuda a poner en orden nuestras emociones ya que en algunas ocasiones las solemos tener algo revueltas y nos confunden.<\/p>\n<p>Puedes disfrutar de \u00e9l pinchando en este enlace: <a href=\"https:\/\/www.youtube.com\/watch?v=__NmMOkND8g\" target=\"_blank\" rel=\"noopener noreferrer\"><strong>Cuento el monstruo de colores<\/strong><\/a>.<\/p>\n<p>\u00a1Hasta ma\u00f1ana familias!<\/p>\n<!-- AddThis Advanced Settings generic via filter on the_content --><!-- AddThis Share Buttons generic via filter on the_content -->","protected":false},"excerpt":{"rendered":"<p>Un cuento para un ratito en el que queramos descansar en familia.<!-- AddThis Advanced Settings generic via filter on get_the_excerpt --><!-- AddThis Share Buttons generic via filter on get_the_excerpt --><\/p>\n","protected":false},"author":6,"featured_media":8884,"comment_status":"open","ping_status":"open","sticky":false,"template":"","format":"standard","meta":{"_et_pb_use_builder":"","_et_pb_old_content":"","_et_gb_content_width":"","footnotes":""},"categories":[19,14,15],"tags":[],"class_list":["post-8895","post","type-post","status-publish","format-standard","has-post-thumbnail","hentry","category-actividades","category-club","category-clubdeamigossansomendi"],"_links":{"self":[{"href":"https:\/\/salesianosvitoriagasteiz.com\/proyecto-aurrera\/wp-json\/wp\/v2\/posts\/8895","targetHints":{"allow":["GET"]}}],"collection":[{"href":"https:\/\/salesianosvitoriagasteiz.com\/proyecto-aurrera\/wp-json\/wp\/v2\/posts"}],"about":[{"href":"https:\/\/salesianosvitoriagasteiz.com\/proyecto-aurrera\/wp-json\/wp\/v2\/types\/post"}],"author":[{"embeddable":true,"href":"https:\/\/salesianosvitoriagasteiz.com\/proyecto-aurrera\/wp-json\/wp\/v2\/users\/6"}],"replies":[{"embeddable":true,"href":"https:\/\/salesianosvitoriagasteiz.com\/proyecto-aurrera\/wp-json\/wp\/v2\/comments?post=8895"}],"version-history":[{"count":2,"href":"https:\/\/salesianosvitoriagasteiz.com\/proyecto-aurrera\/wp-json\/wp\/v2\/posts\/8895\/revisions"}],"predecessor-version":[{"id":8897,"href":"https:\/\/salesianosvitoriagasteiz.com\/proyecto-aurrera\/wp-json\/wp\/v2\/posts\/8895\/revisions\/8897"}],"wp:featuredmedia":[{"embeddable":true,"href":"https:\/\/salesianosvitoriagasteiz.com\/proyecto-aurrera\/wp-json\/wp\/v2\/media\/8884"}],"wp:attachment":[{"href":"https:\/\/salesianosvitoriagasteiz.com\/proyecto-aurrera\/wp-json\/wp\/v2\/media?parent=8895"}],"wp:term":[{"taxonomy":"category","embeddable":true,"href":"https:\/\/salesianosvitoriagasteiz.com\/proyecto-aurrera\/wp-json\/wp\/v2\/categories?post=8895"},{"taxonomy":"post_tag","embeddable":true,"href":"https:\/\/salesianosvitoriagasteiz.com\/proyecto-aurrera\/wp-json\/wp\/v2\/tags?post=8895"}],"curies":[{"name":"wp","href":"https:\/\/api.w.org\/{rel}","templated":true}]}}