{"id":8858,"date":"2020-05-07T12:08:54","date_gmt":"2020-05-07T10:08:54","guid":{"rendered":"https:\/\/salesianosvitoriagasteiz.com\/proyecto-aurrera\/?p=8858"},"modified":"2020-05-07T12:11:55","modified_gmt":"2020-05-07T10:11:55","slug":"8858","status":"publish","type":"post","link":"https:\/\/salesianosvitoriagasteiz.com\/proyecto-aurrera\/blog\/2020\/05\/07\/8858\/","title":{"rendered":"El tarro de las cosas bonitas de cada semana"},"content":{"rendered":"<div id=\"fb-root\"><\/div>\n<p><strong>Jueves, 7 de mayo<\/strong><\/p>\n<p><img decoding=\"async\" class=\"size-full wp-image-8834 alignright lazyload\" data-src=\"https:\/\/salesianosvitoriagasteiz.com\/proyecto-aurrera\/wp-content\/uploads\/sites\/7\/2020\/05\/7.05.2020.jpg\" alt=\"\" width=\"243\" height=\"207\" src=\"data:image\/svg+xml;base64,PHN2ZyB3aWR0aD0iMSIgaGVpZ2h0PSIxIiB4bWxucz0iaHR0cDovL3d3dy53My5vcmcvMjAwMC9zdmciPjwvc3ZnPg==\" style=\"--smush-placeholder-width: 243px; --smush-placeholder-aspect-ratio: 243\/207;\" \/>\u00a1Hola, hola, familias! Como veis, ya estamos terminando la semanita y llega el momento de descansar y <strong>hacer un balance de la semana<\/strong>.<\/p>\n<p>Os animamos a que coj\u00e1is papel, boli y un tarrito. En <strong>Aurrera<\/strong> tenemos la costumbre de escribir y meter en un tarro todas las cosas buenas que nos han pasado para <strong>reforzar el pensamiento positivo<\/strong> y recordar que siempre hay algo bueno.<\/p>\n<p>En estos momentos, nos parece muy buena idea retomarlo y <strong>que se\u00e1is vosotros y vosotras las protagonistas<\/strong>.<\/p>\n<p>&nbsp;<\/p>\n<p><strong>\u00a1Adem\u00e1s, hacerlo en familia siempre es mucho mejor!!!!!!<\/strong><\/p>\n<p>&nbsp;<\/p>\n<p><img decoding=\"async\" class=\"size-medium wp-image-8833 alignleft lazyload\" data-src=\"https:\/\/salesianosvitoriagasteiz.com\/proyecto-aurrera\/wp-content\/uploads\/sites\/7\/2020\/05\/7-05-2020-300x142.jpg\" alt=\"\" width=\"300\" height=\"142\" data-srcset=\"https:\/\/salesianosvitoriagasteiz.com\/proyecto-aurrera\/wp-content\/uploads\/sites\/7\/2020\/05\/7-05-2020-300x142.jpg 300w, https:\/\/salesianosvitoriagasteiz.com\/proyecto-aurrera\/wp-content\/uploads\/sites\/7\/2020\/05\/7-05-2020.jpg 326w\" data-sizes=\"(max-width: 300px) 100vw, 300px\" src=\"data:image\/svg+xml;base64,PHN2ZyB3aWR0aD0iMSIgaGVpZ2h0PSIxIiB4bWxucz0iaHR0cDovL3d3dy53My5vcmcvMjAwMC9zdmciPjwvc3ZnPg==\" style=\"--smush-placeholder-width: 300px; --smush-placeholder-aspect-ratio: 300\/142;\" \/>Pod\u00e9is <strong>crear vuestro propio tarro<\/strong> de cosas buenas y ya ver\u00e9is como semana a semana se ir\u00e1 llenando cada vez m\u00e1s! \u00a1Un besazo!<\/p>\n<p>&nbsp;<\/p>\n<p>&nbsp;<\/p>\n<!-- AddThis Advanced Settings generic via filter on the_content --><!-- AddThis Share Buttons generic via filter on the_content -->","protected":false},"excerpt":{"rendered":"<p>Un tarro para llenar de las cosas positivas de la semana nos ayuda a reforzar el pensamiento positivo y a vivir agradecidos por los mejores momentos de  cada d\u00eda.<br \/>\n#seguimoscontigo<!-- AddThis Advanced Settings generic via filter on get_the_excerpt --><!-- AddThis Share Buttons generic via filter on get_the_excerpt --><\/p>\n","protected":false},"author":6,"featured_media":8834,"comment_status":"open","ping_status":"open","sticky":false,"template":"","format":"standard","meta":{"_et_pb_use_builder":"","_et_pb_old_content":"","_et_gb_content_width":"","footnotes":""},"categories":[19,14,12,15],"tags":[],"class_list":["post-8858","post","type-post","status-publish","format-standard","has-post-thumbnail","hentry","category-actividades","category-club","category-club-de-amigos-sansomendi","category-clubdeamigossansomendi"],"_links":{"self":[{"href":"https:\/\/salesianosvitoriagasteiz.com\/proyecto-aurrera\/wp-json\/wp\/v2\/posts\/8858","targetHints":{"allow":["GET"]}}],"collection":[{"href":"https:\/\/salesianosvitoriagasteiz.com\/proyecto-aurrera\/wp-json\/wp\/v2\/posts"}],"about":[{"href":"https:\/\/salesianosvitoriagasteiz.com\/proyecto-aurrera\/wp-json\/wp\/v2\/types\/post"}],"author":[{"embeddable":true,"href":"https:\/\/salesianosvitoriagasteiz.com\/proyecto-aurrera\/wp-json\/wp\/v2\/users\/6"}],"replies":[{"embeddable":true,"href":"https:\/\/salesianosvitoriagasteiz.com\/proyecto-aurrera\/wp-json\/wp\/v2\/comments?post=8858"}],"version-history":[{"count":3,"href":"https:\/\/salesianosvitoriagasteiz.com\/proyecto-aurrera\/wp-json\/wp\/v2\/posts\/8858\/revisions"}],"predecessor-version":[{"id":8861,"href":"https:\/\/salesianosvitoriagasteiz.com\/proyecto-aurrera\/wp-json\/wp\/v2\/posts\/8858\/revisions\/8861"}],"wp:featuredmedia":[{"embeddable":true,"href":"https:\/\/salesianosvitoriagasteiz.com\/proyecto-aurrera\/wp-json\/wp\/v2\/media\/8834"}],"wp:attachment":[{"href":"https:\/\/salesianosvitoriagasteiz.com\/proyecto-aurrera\/wp-json\/wp\/v2\/media?parent=8858"}],"wp:term":[{"taxonomy":"category","embeddable":true,"href":"https:\/\/salesianosvitoriagasteiz.com\/proyecto-aurrera\/wp-json\/wp\/v2\/categories?post=8858"},{"taxonomy":"post_tag","embeddable":true,"href":"https:\/\/salesianosvitoriagasteiz.com\/proyecto-aurrera\/wp-json\/wp\/v2\/tags?post=8858"}],"curies":[{"name":"wp","href":"https:\/\/api.w.org\/{rel}","templated":true}]}}