{"id":8854,"date":"2020-05-06T19:59:42","date_gmt":"2020-05-06T17:59:42","guid":{"rendered":"https:\/\/salesianosvitoriagasteiz.com\/proyecto-aurrera\/?p=8854"},"modified":"2020-05-06T19:59:42","modified_gmt":"2020-05-06T17:59:42","slug":"covid19-seguimoscontigo","status":"publish","type":"post","link":"https:\/\/salesianosvitoriagasteiz.com\/proyecto-aurrera\/blog\/2020\/05\/06\/covid19-seguimoscontigo\/","title":{"rendered":"COVID19: #seguimoscontigo"},"content":{"rendered":"<div id=\"fb-root\"><\/div>\n<p><img decoding=\"async\" class=\"size-medium wp-image-4059 aligncenter lazyload\" data-src=\"https:\/\/salesianosvitoriagasteiz.com\/proyecto-aurrera\/wp-content\/uploads\/sites\/7\/2020\/04\/TODO-IRA\u0301-BIEN-YO-ME-QUEDO-EN-CASA-26-300x208.jpg\" alt=\"\" width=\"300\" height=\"208\" data-srcset=\"https:\/\/salesianosvitoriagasteiz.com\/proyecto-aurrera\/wp-content\/uploads\/sites\/7\/2020\/04\/TODO-IRA\u0301-BIEN-YO-ME-QUEDO-EN-CASA-26-300x208.jpg 300w, https:\/\/salesianosvitoriagasteiz.com\/proyecto-aurrera\/wp-content\/uploads\/sites\/7\/2020\/04\/TODO-IRA\u0301-BIEN-YO-ME-QUEDO-EN-CASA-26-1024x709.jpg 1024w, https:\/\/salesianosvitoriagasteiz.com\/proyecto-aurrera\/wp-content\/uploads\/sites\/7\/2020\/04\/TODO-IRA\u0301-BIEN-YO-ME-QUEDO-EN-CASA-26-768x532.jpg 768w, https:\/\/salesianosvitoriagasteiz.com\/proyecto-aurrera\/wp-content\/uploads\/sites\/7\/2020\/04\/TODO-IRA\u0301-BIEN-YO-ME-QUEDO-EN-CASA-26-980x678.jpg 980w, https:\/\/salesianosvitoriagasteiz.com\/proyecto-aurrera\/wp-content\/uploads\/sites\/7\/2020\/04\/TODO-IRA\u0301-BIEN-YO-ME-QUEDO-EN-CASA-26-480x332.jpg 480w, https:\/\/salesianosvitoriagasteiz.com\/proyecto-aurrera\/wp-content\/uploads\/sites\/7\/2020\/04\/TODO-IRA\u0301-BIEN-YO-ME-QUEDO-EN-CASA-26.jpg 1040w\" data-sizes=\"(max-width: 300px) 100vw, 300px\" src=\"data:image\/svg+xml;base64,PHN2ZyB3aWR0aD0iMSIgaGVpZ2h0PSIxIiB4bWxucz0iaHR0cDovL3d3dy53My5vcmcvMjAwMC9zdmciPjwvc3ZnPg==\" style=\"--smush-placeholder-width: 300px; --smush-placeholder-aspect-ratio: 300\/208;\" \/><\/p>\n<blockquote><p><em><strong>El Proyecto Aurrera Vitoria no deja de atender las necesidades de nuestras destinatarias y destinatarios durante la crisis provocada por el COVID19.<\/strong><\/em><\/p>\n<p><em><strong>Debido al estado de alarma y hasta nuevo aviso atendemos las necesidades educativas de nuestros destinatarios y destinatarias a trav\u00e9s de v\u00eddeollamadas y v\u00eda telef\u00f3nica.<\/strong><\/em><\/p><\/blockquote>\n<p>Puedes seguir nuestros <strong>recursos pedag\u00f3gicos y otras informaciones<\/strong> a trav\u00e9s de este enlace de <a href=\"https:\/\/salesianosvitoriagasteiz.com\/proyecto-aurrera\/\" target=\"_blank\" rel=\"noopener noreferrer\">la web del Proyecto Aurrera Vitoria.<\/a><\/p>\n<p>&nbsp;<\/p>\n<p>&nbsp;<\/p>\n<!-- AddThis Advanced Settings generic via filter on the_content --><!-- AddThis Share Buttons generic via filter on the_content -->","protected":false},"excerpt":{"rendered":"<p>Durante el estado de alarma y hasta nuevo aviso el Proyecto Aurrera Vitoria atender\u00e1 a trav\u00e9s de atenci\u00f3n telem\u00e1tica y por medio de recursos en la web www.salesianosvitoriagasteiz.com\/proyecto-aurrera.<!-- AddThis Advanced Settings generic via filter on get_the_excerpt --><!-- AddThis Share Buttons generic via filter on get_the_excerpt --><\/p>\n","protected":false},"author":6,"featured_media":0,"comment_status":"open","ping_status":"open","sticky":false,"template":"","format":"standard","meta":{"_et_pb_use_builder":"","_et_pb_old_content":"","_et_gb_content_width":"","footnotes":""},"categories":[21],"tags":[],"class_list":["post-8854","post","type-post","status-publish","format-standard","hentry","category-avisos"],"_links":{"self":[{"href":"https:\/\/salesianosvitoriagasteiz.com\/proyecto-aurrera\/wp-json\/wp\/v2\/posts\/8854","targetHints":{"allow":["GET"]}}],"collection":[{"href":"https:\/\/salesianosvitoriagasteiz.com\/proyecto-aurrera\/wp-json\/wp\/v2\/posts"}],"about":[{"href":"https:\/\/salesianosvitoriagasteiz.com\/proyecto-aurrera\/wp-json\/wp\/v2\/types\/post"}],"author":[{"embeddable":true,"href":"https:\/\/salesianosvitoriagasteiz.com\/proyecto-aurrera\/wp-json\/wp\/v2\/users\/6"}],"replies":[{"embeddable":true,"href":"https:\/\/salesianosvitoriagasteiz.com\/proyecto-aurrera\/wp-json\/wp\/v2\/comments?post=8854"}],"version-history":[{"count":1,"href":"https:\/\/salesianosvitoriagasteiz.com\/proyecto-aurrera\/wp-json\/wp\/v2\/posts\/8854\/revisions"}],"predecessor-version":[{"id":8855,"href":"https:\/\/salesianosvitoriagasteiz.com\/proyecto-aurrera\/wp-json\/wp\/v2\/posts\/8854\/revisions\/8855"}],"wp:attachment":[{"href":"https:\/\/salesianosvitoriagasteiz.com\/proyecto-aurrera\/wp-json\/wp\/v2\/media?parent=8854"}],"wp:term":[{"taxonomy":"category","embeddable":true,"href":"https:\/\/salesianosvitoriagasteiz.com\/proyecto-aurrera\/wp-json\/wp\/v2\/categories?post=8854"},{"taxonomy":"post_tag","embeddable":true,"href":"https:\/\/salesianosvitoriagasteiz.com\/proyecto-aurrera\/wp-json\/wp\/v2\/tags?post=8854"}],"curies":[{"name":"wp","href":"https:\/\/api.w.org\/{rel}","templated":true}]}}