{"id":8849,"date":"2020-05-06T19:40:24","date_gmt":"2020-05-06T17:40:24","guid":{"rendered":"https:\/\/salesianosvitoriagasteiz.com\/proyecto-aurrera\/?p=8849"},"modified":"2020-05-06T19:40:59","modified_gmt":"2020-05-06T17:40:59","slug":"dia-de-tranquilidad-paz-y-mandalas","status":"publish","type":"post","link":"https:\/\/salesianosvitoriagasteiz.com\/proyecto-aurrera\/blog\/2020\/05\/06\/dia-de-tranquilidad-paz-y-mandalas\/","title":{"rendered":"D\u00eda de tranquilidad, paz y mandalas"},"content":{"rendered":"<div id=\"fb-root\"><\/div>\n<p><strong><img decoding=\"async\" class=\"size-medium wp-image-4050 alignleft lazyload\" data-src=\"https:\/\/salesianosvitoriagasteiz.com\/proyecto-aurrera\/wp-content\/uploads\/sites\/7\/2020\/04\/todovaairbien-300x169.jpg\" alt=\"\" width=\"300\" height=\"169\" src=\"data:image\/svg+xml;base64,PHN2ZyB3aWR0aD0iMSIgaGVpZ2h0PSIxIiB4bWxucz0iaHR0cDovL3d3dy53My5vcmcvMjAwMC9zdmciPjwvc3ZnPg==\" style=\"--smush-placeholder-width: 300px; --smush-placeholder-aspect-ratio: 300\/169;\" \/>Mi\u00e9rcoles, 6 de mayo de 2020<\/strong><\/p>\n<p>\u00a1Ya estamos casi casi a mitad de semana! <strong>\u00bfY qu\u00e9 mejor que pintar un poco para des-estresarnos?<\/strong> \u00a1Aqu\u00ed os dejamos unos <strong>mandalas<\/strong> que sabemos que os gustan mucho!!!!<\/p>\n<p>Adem\u00e1s, aparte de <strong>tranquilizarnos,<\/strong> tambi\u00e9n nos ayudan a <strong>mejorar nuestra atenci\u00f3n<\/strong>. Os animamos a sumergiros en este <strong>mundo lleno de colores<\/strong> y que lo hag\u00e1is acorde a vuestras <strong>emociones<\/strong> y <strong>sentimientos.<\/strong><\/p>\n<p>&nbsp;<\/p>\n<p>&nbsp;<\/p>\n<p><img decoding=\"async\" class=\"size-full wp-image-8832 aligncenter lazyload\" data-src=\"https:\/\/salesianosvitoriagasteiz.com\/proyecto-aurrera\/wp-content\/uploads\/sites\/7\/2020\/05\/6.05.2020.jpg\" alt=\"\" width=\"225\" height=\"225\" data-srcset=\"https:\/\/salesianosvitoriagasteiz.com\/proyecto-aurrera\/wp-content\/uploads\/sites\/7\/2020\/05\/6.05.2020.jpg 225w, https:\/\/salesianosvitoriagasteiz.com\/proyecto-aurrera\/wp-content\/uploads\/sites\/7\/2020\/05\/6.05.2020-150x150.jpg 150w\" data-sizes=\"(max-width: 225px) 100vw, 225px\" src=\"data:image\/svg+xml;base64,PHN2ZyB3aWR0aD0iMSIgaGVpZ2h0PSIxIiB4bWxucz0iaHR0cDovL3d3dy53My5vcmcvMjAwMC9zdmciPjwvc3ZnPg==\" style=\"--smush-placeholder-width: 225px; --smush-placeholder-aspect-ratio: 225\/225;\" \/><\/p>\n<p>\u00a1Seleccionad un color para cada emoci\u00f3n y pintadlo acorde a esas emociones que est\u00e1n m\u00e1s presentes en vosotras y vosotros!!!!!<\/p>\n<p><img decoding=\"async\" class=\"size-full wp-image-8831 aligncenter lazyload\" data-src=\"https:\/\/salesianosvitoriagasteiz.com\/proyecto-aurrera\/wp-content\/uploads\/sites\/7\/2020\/05\/6-05-2020.jpg\" alt=\"\" width=\"225\" height=\"224\" data-srcset=\"https:\/\/salesianosvitoriagasteiz.com\/proyecto-aurrera\/wp-content\/uploads\/sites\/7\/2020\/05\/6-05-2020.jpg 225w, https:\/\/salesianosvitoriagasteiz.com\/proyecto-aurrera\/wp-content\/uploads\/sites\/7\/2020\/05\/6-05-2020-150x150.jpg 150w\" data-sizes=\"(max-width: 225px) 100vw, 225px\" src=\"data:image\/svg+xml;base64,PHN2ZyB3aWR0aD0iMSIgaGVpZ2h0PSIxIiB4bWxucz0iaHR0cDovL3d3dy53My5vcmcvMjAwMC9zdmciPjwvc3ZnPg==\" style=\"--smush-placeholder-width: 225px; --smush-placeholder-aspect-ratio: 225\/224;\" \/><\/p>\n<p>Os recordamos que nos pod\u00e9is mandar vuestros dibujos y trabajos a <a href=\"mailto:Aurrera.vitoria@gmail.com\">Aurrera.vitoria@gmail.com<\/a> o v\u00eda whatsapp.<\/p>\n<p><strong>\u00a1ANIMO CAMPEONES Y CAMPEONAS!<\/strong><\/p>\n<!-- AddThis Advanced Settings generic via filter on the_content --><!-- AddThis Share Buttons generic via filter on the_content -->","protected":false},"excerpt":{"rendered":"<p>Unos mandalas nos ayudan a tranquilizarnos, poner un poco de calma y a reforzar nuestra atenci\u00f3n. \u00a1Llenemos de colores nuestra vida!<!-- AddThis Advanced Settings generic via filter on get_the_excerpt --><!-- AddThis Share Buttons generic via filter on get_the_excerpt --><\/p>\n","protected":false},"author":6,"featured_media":4050,"comment_status":"open","ping_status":"open","sticky":false,"template":"","format":"standard","meta":{"_et_pb_use_builder":"","_et_pb_old_content":"","_et_gb_content_width":"","footnotes":""},"categories":[19],"tags":[],"class_list":["post-8849","post","type-post","status-publish","format-standard","has-post-thumbnail","hentry","category-actividades"],"_links":{"self":[{"href":"https:\/\/salesianosvitoriagasteiz.com\/proyecto-aurrera\/wp-json\/wp\/v2\/posts\/8849","targetHints":{"allow":["GET"]}}],"collection":[{"href":"https:\/\/salesianosvitoriagasteiz.com\/proyecto-aurrera\/wp-json\/wp\/v2\/posts"}],"about":[{"href":"https:\/\/salesianosvitoriagasteiz.com\/proyecto-aurrera\/wp-json\/wp\/v2\/types\/post"}],"author":[{"embeddable":true,"href":"https:\/\/salesianosvitoriagasteiz.com\/proyecto-aurrera\/wp-json\/wp\/v2\/users\/6"}],"replies":[{"embeddable":true,"href":"https:\/\/salesianosvitoriagasteiz.com\/proyecto-aurrera\/wp-json\/wp\/v2\/comments?post=8849"}],"version-history":[{"count":2,"href":"https:\/\/salesianosvitoriagasteiz.com\/proyecto-aurrera\/wp-json\/wp\/v2\/posts\/8849\/revisions"}],"predecessor-version":[{"id":8851,"href":"https:\/\/salesianosvitoriagasteiz.com\/proyecto-aurrera\/wp-json\/wp\/v2\/posts\/8849\/revisions\/8851"}],"wp:attachment":[{"href":"https:\/\/salesianosvitoriagasteiz.com\/proyecto-aurrera\/wp-json\/wp\/v2\/media?parent=8849"}],"wp:term":[{"taxonomy":"category","embeddable":true,"href":"https:\/\/salesianosvitoriagasteiz.com\/proyecto-aurrera\/wp-json\/wp\/v2\/categories?post=8849"},{"taxonomy":"post_tag","embeddable":true,"href":"https:\/\/salesianosvitoriagasteiz.com\/proyecto-aurrera\/wp-json\/wp\/v2\/tags?post=8849"}],"curies":[{"name":"wp","href":"https:\/\/api.w.org\/{rel}","templated":true}]}}