{"id":8841,"date":"2020-05-06T19:34:31","date_gmt":"2020-05-06T17:34:31","guid":{"rendered":"https:\/\/salesianosvitoriagasteiz.com\/proyecto-aurrera\/?p=8841"},"modified":"2020-05-06T19:36:16","modified_gmt":"2020-05-06T17:36:16","slug":"8841","status":"publish","type":"post","link":"https:\/\/salesianosvitoriagasteiz.com\/proyecto-aurrera\/blog\/2020\/05\/06\/8841\/","title":{"rendered":"Qu\u00e9 bonita la naturaleza a nuestro alrededor"},"content":{"rendered":"<div id=\"fb-root\"><\/div>\n<p><strong>Martes, 5 de mayo de 2020<\/strong><\/p>\n<p><img decoding=\"async\" class=\"size-full wp-image-8828 alignleft lazyload\" data-src=\"https:\/\/salesianosvitoriagasteiz.com\/proyecto-aurrera\/wp-content\/uploads\/sites\/7\/2020\/05\/5-5-2020.jpg\" alt=\"\" width=\"283\" height=\"178\" src=\"data:image\/svg+xml;base64,PHN2ZyB3aWR0aD0iMSIgaGVpZ2h0PSIxIiB4bWxucz0iaHR0cDovL3d3dy53My5vcmcvMjAwMC9zdmciPjwvc3ZnPg==\" style=\"--smush-placeholder-width: 283px; --smush-placeholder-aspect-ratio: 283\/178;\" \/>\u00a1Como ya sab\u00e9is, estos d\u00edas est\u00e1 haciendo <strong>un sol radiante<\/strong>! \u00a1Os animamos a que aprovech\u00e9is esos paseos y ahora m\u00e1s que nunca, <strong>darnos cuenta y apreciar lo que estos d\u00edas atr\u00e1s hemos echado de menos<\/strong>!<\/p>\n<p>Os animamos a que cuando salg\u00e1is a <strong>pasear<\/strong> os fij\u00e9is en el parque de siempre, en los <strong>\u00e1rboles<\/strong> de siempre y en el <strong>sol<\/strong> de siempre. \u00a1Despu\u00e9s del descanso que les hemos dado ahora est\u00e1n m\u00e1s bonitos que nunca! \u00a1Fijaos y disfrutadlo! <strong>Y a aquello que os llame m\u00e1s la atenci\u00f3n sacarle una foto y nos la mand\u00e1is a nuestro correo<\/strong> <a href=\"mailto:aurrera.vitoria@gmail.com\"><strong>aurrera.vitoria@gmail.com<\/strong><\/a><strong>.<\/strong><\/p>\n<p>\u00a1Si no es posible por aqu\u00ed, mandarlo por whatasapp a nuestro n\u00famero de m\u00f3vil!<\/p>\n<p><img decoding=\"async\" class=\"size-full wp-image-8829 aligncenter lazyload\" data-src=\"https:\/\/salesianosvitoriagasteiz.com\/proyecto-aurrera\/wp-content\/uploads\/sites\/7\/2020\/05\/5.05.2020.jpg\" alt=\"\" width=\"280\" height=\"180\" src=\"data:image\/svg+xml;base64,PHN2ZyB3aWR0aD0iMSIgaGVpZ2h0PSIxIiB4bWxucz0iaHR0cDovL3d3dy53My5vcmcvMjAwMC9zdmciPjwvc3ZnPg==\" style=\"--smush-placeholder-width: 280px; --smush-placeholder-aspect-ratio: 280\/180;\" \/><\/p>\n<p>Y\u2026. para los que todav\u00eda no est\u00e1is animados a ello, os animamos a que <strong>plant\u00e9is en un recipiente<\/strong> cualquiera (desde un tarro de cristal, yogurt\u2026etc.) y con un poco de algod\u00f3n unas <strong>lentejas.<\/strong> \u00a1Ver\u00e9is como d\u00eda a d\u00eda va creciendo y <strong>as\u00ed no nos olvidamos de cultivar el buen trato<\/strong> en nuestro entorno y hacia nosotros y nosotras mismas! \u00a1\u00c1nimo!!!!!!!<\/p>\n<p><img decoding=\"async\" class=\"size-full wp-image-8830 aligncenter lazyload\" data-src=\"https:\/\/salesianosvitoriagasteiz.com\/proyecto-aurrera\/wp-content\/uploads\/sites\/7\/2020\/05\/05.05.2020.jpg\" alt=\"\" width=\"194\" height=\"259\" src=\"data:image\/svg+xml;base64,PHN2ZyB3aWR0aD0iMSIgaGVpZ2h0PSIxIiB4bWxucz0iaHR0cDovL3d3dy53My5vcmcvMjAwMC9zdmciPjwvc3ZnPg==\" style=\"--smush-placeholder-width: 194px; --smush-placeholder-aspect-ratio: 194\/259;\" \/><\/p>\n<p>Pasad un d\u00eda estupendo.<\/p>\n<p>&nbsp;<\/p>\n<!-- AddThis Advanced Settings generic via filter on the_content --><!-- AddThis Share Buttons generic via filter on the_content -->","protected":false},"excerpt":{"rendered":"<p>En estos d\u00edas de sol y paseos podemos compartir fotos de la naturaleza.<br \/>\nTambi\u00e9n podemos plantar unas lentejas en casa y acordarnos del buen trato en casa.<!-- AddThis Advanced Settings generic via filter on get_the_excerpt --><!-- AddThis Share Buttons generic via filter on get_the_excerpt --><\/p>\n","protected":false},"author":6,"featured_media":8830,"comment_status":"open","ping_status":"open","sticky":false,"template":"","format":"standard","meta":{"_et_pb_use_builder":"","_et_pb_old_content":"","_et_gb_content_width":"","footnotes":""},"categories":[19],"tags":[],"class_list":["post-8841","post","type-post","status-publish","format-standard","has-post-thumbnail","hentry","category-actividades"],"_links":{"self":[{"href":"https:\/\/salesianosvitoriagasteiz.com\/proyecto-aurrera\/wp-json\/wp\/v2\/posts\/8841","targetHints":{"allow":["GET"]}}],"collection":[{"href":"https:\/\/salesianosvitoriagasteiz.com\/proyecto-aurrera\/wp-json\/wp\/v2\/posts"}],"about":[{"href":"https:\/\/salesianosvitoriagasteiz.com\/proyecto-aurrera\/wp-json\/wp\/v2\/types\/post"}],"author":[{"embeddable":true,"href":"https:\/\/salesianosvitoriagasteiz.com\/proyecto-aurrera\/wp-json\/wp\/v2\/users\/6"}],"replies":[{"embeddable":true,"href":"https:\/\/salesianosvitoriagasteiz.com\/proyecto-aurrera\/wp-json\/wp\/v2\/comments?post=8841"}],"version-history":[{"count":3,"href":"https:\/\/salesianosvitoriagasteiz.com\/proyecto-aurrera\/wp-json\/wp\/v2\/posts\/8841\/revisions"}],"predecessor-version":[{"id":8848,"href":"https:\/\/salesianosvitoriagasteiz.com\/proyecto-aurrera\/wp-json\/wp\/v2\/posts\/8841\/revisions\/8848"}],"wp:featuredmedia":[{"embeddable":true,"href":"https:\/\/salesianosvitoriagasteiz.com\/proyecto-aurrera\/wp-json\/wp\/v2\/media\/8830"}],"wp:attachment":[{"href":"https:\/\/salesianosvitoriagasteiz.com\/proyecto-aurrera\/wp-json\/wp\/v2\/media?parent=8841"}],"wp:term":[{"taxonomy":"category","embeddable":true,"href":"https:\/\/salesianosvitoriagasteiz.com\/proyecto-aurrera\/wp-json\/wp\/v2\/categories?post=8841"},{"taxonomy":"post_tag","embeddable":true,"href":"https:\/\/salesianosvitoriagasteiz.com\/proyecto-aurrera\/wp-json\/wp\/v2\/tags?post=8841"}],"curies":[{"name":"wp","href":"https:\/\/api.w.org\/{rel}","templated":true}]}}