{"id":8836,"date":"2020-05-06T19:26:23","date_gmt":"2020-05-06T17:26:23","guid":{"rendered":"https:\/\/salesianosvitoriagasteiz.com\/proyecto-aurrera\/?p=8836"},"modified":"2020-05-06T19:29:08","modified_gmt":"2020-05-06T17:29:08","slug":"mis-emociones-emocionantes-que-me-emocionan","status":"publish","type":"post","link":"https:\/\/salesianosvitoriagasteiz.com\/proyecto-aurrera\/blog\/2020\/05\/06\/mis-emociones-emocionantes-que-me-emocionan\/","title":{"rendered":"Mis emociones emocionantes que me emocionan"},"content":{"rendered":"<div id=\"fb-root\"><\/div>\n<p><strong>Lunes, 4 de mayo de 2020<\/strong><\/p>\n<p>Arrancamos la semana de este nuevo mes primaveral y qu\u00e9 mejor que hacerlo dedic\u00e1ndonos un poco de tiempo a nosotras y nosotros mismos y nuestras emociones.<\/p>\n<p>Desde el proyecto <em><strong>Aurrera Vitoria<\/strong><\/em> os animamos a que os <strong>dediqu\u00e9is tiempo a sentir y escuchar c\u00f3mo nos sentimos<\/strong> despu\u00e9s de estos d\u00edas atr\u00e1s de confinamiento.<\/p>\n<p>\u00a1Aqu\u00ed os dejamos un diario para esta semana!<strong> \u00a1La idea es escribir todo aquello que nos va ocurriendo y c\u00f3mo lo sentimos!!!!! <\/strong>\u00a1As\u00ed que\u2026 manos a la obra!!!!!<\/p>\n<p><img decoding=\"async\" class=\"wp-image-8827 aligncenter lazyload\" data-src=\"https:\/\/salesianosvitoriagasteiz.com\/proyecto-aurrera\/wp-content\/uploads\/sites\/7\/2020\/05\/4.05.2020-300x169.jpg\" alt=\"\" width=\"463\" height=\"261\" src=\"data:image\/svg+xml;base64,PHN2ZyB3aWR0aD0iMSIgaGVpZ2h0PSIxIiB4bWxucz0iaHR0cDovL3d3dy53My5vcmcvMjAwMC9zdmciPjwvc3ZnPg==\" style=\"--smush-placeholder-width: 463px; --smush-placeholder-aspect-ratio: 463\/261;\" \/><\/p>\n<p><strong>\u00a1Coge un papel, un boli y muchos colores y dedica unos minutos al d\u00eda a rellenar este fant\u00e1stico diario emocional!!!!!<\/strong><\/p>\n<p>&nbsp;<\/p>\n<p>&nbsp;<\/p>\n<!-- AddThis Advanced Settings generic via filter on the_content --><!-- AddThis Share Buttons generic via filter on the_content -->","protected":false},"excerpt":{"rendered":"<p>\u00bfC\u00f3mo te sientes estos d\u00edas? \u00a1Ser\u00eda chulo que lo escribieses y lo guardases para ti para siempre!<br \/>\nEl Proyecto Aurrera Vitoria te propone escribir un diario de emociones.<!-- AddThis Advanced Settings generic via filter on get_the_excerpt --><!-- AddThis Share Buttons generic via filter on get_the_excerpt --><\/p>\n","protected":false},"author":6,"featured_media":4025,"comment_status":"open","ping_status":"open","sticky":false,"template":"","format":"standard","meta":{"_et_pb_use_builder":"","_et_pb_old_content":"","_et_gb_content_width":"","footnotes":""},"categories":[19,1],"tags":[],"class_list":["post-8836","post","type-post","status-publish","format-standard","has-post-thumbnail","hentry","category-actividades","category-uncategorized"],"_links":{"self":[{"href":"https:\/\/salesianosvitoriagasteiz.com\/proyecto-aurrera\/wp-json\/wp\/v2\/posts\/8836","targetHints":{"allow":["GET"]}}],"collection":[{"href":"https:\/\/salesianosvitoriagasteiz.com\/proyecto-aurrera\/wp-json\/wp\/v2\/posts"}],"about":[{"href":"https:\/\/salesianosvitoriagasteiz.com\/proyecto-aurrera\/wp-json\/wp\/v2\/types\/post"}],"author":[{"embeddable":true,"href":"https:\/\/salesianosvitoriagasteiz.com\/proyecto-aurrera\/wp-json\/wp\/v2\/users\/6"}],"replies":[{"embeddable":true,"href":"https:\/\/salesianosvitoriagasteiz.com\/proyecto-aurrera\/wp-json\/wp\/v2\/comments?post=8836"}],"version-history":[{"count":3,"href":"https:\/\/salesianosvitoriagasteiz.com\/proyecto-aurrera\/wp-json\/wp\/v2\/posts\/8836\/revisions"}],"predecessor-version":[{"id":8840,"href":"https:\/\/salesianosvitoriagasteiz.com\/proyecto-aurrera\/wp-json\/wp\/v2\/posts\/8836\/revisions\/8840"}],"wp:attachment":[{"href":"https:\/\/salesianosvitoriagasteiz.com\/proyecto-aurrera\/wp-json\/wp\/v2\/media?parent=8836"}],"wp:term":[{"taxonomy":"category","embeddable":true,"href":"https:\/\/salesianosvitoriagasteiz.com\/proyecto-aurrera\/wp-json\/wp\/v2\/categories?post=8836"},{"taxonomy":"post_tag","embeddable":true,"href":"https:\/\/salesianosvitoriagasteiz.com\/proyecto-aurrera\/wp-json\/wp\/v2\/tags?post=8836"}],"curies":[{"name":"wp","href":"https:\/\/api.w.org\/{rel}","templated":true}]}}